{"id":5366,"date":"2019-06-19T21:47:00","date_gmt":"2019-06-19T20:47:00","guid":{"rendered":"https:\/\/rightcom.com\/fr\/blog\/"},"modified":"2023-07-31T16:51:00","modified_gmt":"2023-07-31T15:51:00","slug":"rightcom-au-sarcca-2019-abidjan","status":"publish","type":"post","link":"https:\/\/rightcom.com\/fr\/blog\/rightcom-au-sarcca-2019-abidjan\/","title":{"rendered":"RightCom au Sarcca 2019 Abidjan"},"content":{"rendered":"\n<p>Sponsor majeur de l&rsquo;\u00e9v\u00e8nement, RightCom a pris part pour la premi\u00e8re fois au Salon Africain de la Relation Client et des Centres d&rsquo;Appel dont la cinqui\u00e8me \u00e9dition s&rsquo;est tenue \u00e0 Abidjan du 29 au 31 Mai 2019.&nbsp;<\/p>\n\n\n\n<figure class=\"wp-block-embed is-type-video is-provider-vimeo wp-block-embed-vimeo wp-embed-aspect-16-9 wp-has-aspect-ratio\"><div class=\"wp-block-embed__wrapper\">\n<iframe title=\"SARCCA 2019 Abidjan\" src=\"https:\/\/player.vimeo.com\/video\/343303606?dnt=1&amp;app_id=122963\" width=\"730\" height=\"411\" frameborder=\"0\" allow=\"autoplay; fullscreen; picture-in-picture\" allowfullscreen><\/iframe>\n<\/div><\/figure>\n\n\n\n<p>Trois jours de partage d&rsquo;exp\u00e9rience entre professionnels de la relation client et des centres d&rsquo;appels. Des workshops et masterclasses aux conf\u00e9rences, les acteurs du m\u00e9tier ont couvert tous les sujets de l&rsquo;exp\u00e9rience client, th\u00e8me cl\u00e9 de l&rsquo;\u00e9dition 2019.<\/p>\n\n\n\n<p>[metaslider id=5468 cssclass=\u00a0\u00bb\u00a0\u00bb]<\/p>\n\n\n\n<p>Pour sa premi\u00e8re participation, RightCom a remport\u00e9 la palme d&rsquo;argent Sarcca 2019. Merci Abidjan ! RDV pris \u00e0 Kigali en 2020 !<\/p>\n\n\n\n<p>Vous n&rsquo;avez pas pu assister aux d\u00e9mos RightCom XP lors du Sarcca 2019 \u00e0 Abidjan ? Planifiez votre d\u00e9mo gratuite en cliquant&nbsp;<a href=\"https:\/\/right-com.com\/fr\/#contact\" target=\"_blank\" rel=\"noopener\">ici<\/a>.<\/p>\n","protected":false},"excerpt":{"rendered":"<p>Sponsor majeur de l&rsquo;\u00e9v\u00e8nement, RightCom a pris part pour la premi\u00e8re fois au Salon Africain de la Relation Client et des Centres d&rsquo;Appel dont la cinqui\u00e8me \u00e9dition s&rsquo;est tenue \u00e0 Abidjan du 29 au 31 Mai 2019.&nbsp; Trois jours de partage d&rsquo;exp\u00e9rience entre professionnels de la relation client et des centres d&rsquo;appels. Des workshops et [&hellip;]<\/p>\n","protected":false},"author":13,"featured_media":5535,"comment_status":"open","ping_status":"open","sticky":false,"template":"","format":"standard","meta":{"_acf_changed":false,"footnotes":""},"categories":[2],"tags":[],"class_list":["post-5366","post","type-post","status-publish","format-standard","has-post-thumbnail","hentry","category-communiques-et-actualites"],"acf":[],"_links":{"self":[{"href":"https:\/\/rightcom.com\/fr\/wp-json\/wp\/v2\/posts\/5366","targetHints":{"allow":["GET"]}}],"collection":[{"href":"https:\/\/rightcom.com\/fr\/wp-json\/wp\/v2\/posts"}],"about":[{"href":"https:\/\/rightcom.com\/fr\/wp-json\/wp\/v2\/types\/post"}],"author":[{"embeddable":true,"href":"https:\/\/rightcom.com\/fr\/wp-json\/wp\/v2\/users\/13"}],"replies":[{"embeddable":true,"href":"https:\/\/rightcom.com\/fr\/wp-json\/wp\/v2\/comments?post=5366"}],"version-history":[{"count":1,"href":"https:\/\/rightcom.com\/fr\/wp-json\/wp\/v2\/posts\/5366\/revisions"}],"predecessor-version":[{"id":5370,"href":"https:\/\/rightcom.com\/fr\/wp-json\/wp\/v2\/posts\/5366\/revisions\/5370"}],"wp:featuredmedia":[{"embeddable":true,"href":"https:\/\/rightcom.com\/fr\/wp-json\/wp\/v2\/media\/5535"}],"wp:attachment":[{"href":"https:\/\/rightcom.com\/fr\/wp-json\/wp\/v2\/media?parent=5366"}],"wp:term":[{"taxonomy":"category","embeddable":true,"href":"https:\/\/rightcom.com\/fr\/wp-json\/wp\/v2\/categories?post=5366"},{"taxonomy":"post_tag","embeddable":true,"href":"https:\/\/rightcom.com\/fr\/wp-json\/wp\/v2\/tags?post=5366"}],"curies":[{"name":"wp","href":"https:\/\/api.w.org\/{rel}","templated":true}]}}